{"id":3288,"date":"2025-04-03T17:23:52","date_gmt":"2025-04-03T17:23:52","guid":{"rendered":"https:\/\/www.calisi.rs\/?p=3288"},"modified":"2025-04-03T17:28:38","modified_gmt":"2025-04-03T17:28:38","slug":"67-medunarodni-sajam-tehnike-i-tehnickih-dostignuca-ufi","status":"publish","type":"post","link":"https:\/\/www.calisi.rs\/sr\/67-medunarodni-sajam-tehnike-i-tehnickih-dostignuca-ufi\/","title":{"rendered":"67. ME\u0110UNARODNI SAJAM TEHNIKE I TEHNI\u010cKIH DOSTIGNU\u0106A (UFI)"},"content":{"rendered":"<div class=\"fusion-text fusion-text-1\">\n<p>Me\u0111unarodni sajam tehnike i tehni\u010dkih dostignu\u0107a pravo je mesto za promociju \u010detvrte industrijske revolucije \u2013 Industrije 4.0. Re\u010d je o digitalizaciji koja je unela revolucionarne promene u razvoj i na\u010din poslovanja kompanija, pove\u0107anje produktivnost i unapre\u0111enje konkurentnosti. Ovaj koncept ukazuje na nove mogu\u0107nosti i izazove, usmerava na prepoznavanje novih uticaja i posledica ubrzanih tehni\u010dko-tehnolo\u0161kih de\u0161avanja.<\/p>\n<p>Da bi zadr\u017eao imid\u017e najuglednije specijalizovane razvojno-tehnolo\u0161ke manifestacije u ovom delu Evrope, Sajam tehnike poku\u0161ava da ugosti sve relevantne doma\u0107e i brojne strane izlaga\u010de, me\u0111u kojima su i klju\u010dni promoteri tehni\u010dko-tehnolo\u0161kih trendova u svetu.<\/p>\n<p>Koncepcijski akcenat Sajma je na inovacijama i novim tehnologijama, na \u201efabrikama budu\u0107nosti\u201c i industrijskoj automatizaciji, elektroenergetici i energetskoj infrastrukturi.<\/p>\n<p>67. ME\u0110UNARODNI SAJAM TEHNIKE I TEHNI\u010cKIH DOSTIGNU\u0106A (UFI) Od 20. &#8211; 23. Maja 2025. u Beogradu.<\/p>\n<pre>Izvor: sajam.rs<\/pre>\n<\/div>\n","protected":false},"excerpt":{"rendered":"<p>Me\u0111unarodni sajam tehnike i tehni\u010dkih dostignu\u0107a pravo je mesto za promociju \u010detvrte industrijske revolucije \u2013 Industrije 4.0. Re\u010d je o digitalizaciji koja je unela revolucionarne promene u razvoj i na\u010din poslovanja kompanija, pove\u0107anje produktivnost i unapre\u0111enje konkurentnosti. Ovaj koncept ukazuje [&hellip;]<\/p>\n","protected":false},"author":1,"featured_media":3299,"comment_status":"open","ping_status":"open","sticky":false,"template":"","format":"standard","meta":{"footnotes":""},"categories":[77],"tags":[],"class_list":["post-3288","post","type-post","status-publish","format-standard","has-post-thumbnail","hentry","category-desavanja"],"_links":{"self":[{"href":"https:\/\/www.calisi.rs\/sr\/wp-json\/wp\/v2\/posts\/3288","targetHints":{"allow":["GET"]}}],"collection":[{"href":"https:\/\/www.calisi.rs\/sr\/wp-json\/wp\/v2\/posts"}],"about":[{"href":"https:\/\/www.calisi.rs\/sr\/wp-json\/wp\/v2\/types\/post"}],"author":[{"embeddable":true,"href":"https:\/\/www.calisi.rs\/sr\/wp-json\/wp\/v2\/users\/1"}],"replies":[{"embeddable":true,"href":"https:\/\/www.calisi.rs\/sr\/wp-json\/wp\/v2\/comments?post=3288"}],"version-history":[{"count":1,"href":"https:\/\/www.calisi.rs\/sr\/wp-json\/wp\/v2\/posts\/3288\/revisions"}],"predecessor-version":[{"id":3292,"href":"https:\/\/www.calisi.rs\/sr\/wp-json\/wp\/v2\/posts\/3288\/revisions\/3292"}],"wp:featuredmedia":[{"embeddable":true,"href":"https:\/\/www.calisi.rs\/sr\/wp-json\/wp\/v2\/media\/3299"}],"wp:attachment":[{"href":"https:\/\/www.calisi.rs\/sr\/wp-json\/wp\/v2\/media?parent=3288"}],"wp:term":[{"taxonomy":"category","embeddable":true,"href":"https:\/\/www.calisi.rs\/sr\/wp-json\/wp\/v2\/categories?post=3288"},{"taxonomy":"post_tag","embeddable":true,"href":"https:\/\/www.calisi.rs\/sr\/wp-json\/wp\/v2\/tags?post=3288"}],"curies":[{"name":"wp","href":"https:\/\/api.w.org\/{rel}","templated":true}]}}